{"id":4866,"date":"2016-11-18T11:30:39","date_gmt":"2016-11-18T09:30:39","guid":{"rendered":"http:\/\/christiansimmerl.de\/hp\/?p=4866"},"modified":"2018-10-17T11:13:56","modified_gmt":"2018-10-17T09:13:56","slug":"oilpassion","status":"publish","type":"post","link":"https:\/\/christiansimmerl.de\/hp\/oilpassion\/","title":{"rendered":"OIL&#038;PASSION"},"content":{"rendered":"<section class=\"wpb-content-wrapper\"><p>[arve url=&#8220;https:\/\/youtu.be\/nNDBfTn6HLo&#8220; \/]<\/p>\n<h4>Finally!<\/h4>\n<p>Nach fast 2 Jahren in der Mache, kann bzw darf ich euch heute mein j\u00fcngstes Werk <strong>OIL&amp;PASSION<\/strong> vorstellen.<br \/>\nHier im Blog gibt es noch ein paar Hintergrundinfos zum ganzen Projekt an sich und ein paar Bilder vom Entstehungsprozess des Eigenbaus.[\/vc_column_text][vc_single_image image=&#8220;4779&#8243; img_size=&#8220;full&#8220; style=&#8220;vc_box_border&#8220; onclick=&#8220;link_image&#8220;][vc_column_text]<\/p>\n<h4>Vorgeschichte<\/h4>\n<p>Irgendwann Richtung Ende 2014 erz\u00e4hlte mir Michl von seinem Custom Chopper Projekt und es brauchte nicht viel bis wir uns beide einig waren, dass das ganze auch festgehalten werden sollte. Da ich nat\u00fcrlich nicht immer Zeit hatte als Michl an seiner Maschine gebaut hat, war der Fortschritt jedesmal deutlich sichtbar. Aber gehen wir zwei Smartphone Generationen zur\u00fcck:[\/vc_column_text][vc_single_image image=&#8220;4812&#8243; img_size=&#8220;full&#8220; style=&#8220;vc_box_border&#8220;][vc_column_text]<\/p>\n<h4>Recap<\/h4>\n<p>[\/vc_column_text][\/vc_column][\/vc_row][vc_row][vc_column width=&#8220;1\/4&#8243;][vc_single_image image=&#8220;4655&#8243; style=&#8220;vc_box_border&#8220; onclick=&#8220;link_image&#8220;][\/vc_column][vc_column width=&#8220;1\/4&#8243;][vc_column_text]<strong>Dezember 2014<\/strong><\/p>\n<p>Am 06.Dezember 2014 war ich das erste Mal dabei. Da hatte Michl aber schon gut Vorarbeit geleistet und war eigentlich schon mitten im Projekt. Das Chasis war schon zum Gro\u00dfteil fertig, aber die Hinterachse fehlte noch. Da das Ganze ein ambitioniertes Hobby Projekt ist bzw war, wurde uns recht schnell bewusst, dass es wohl ein langwieriges Projekt werden w\u00fcrde. Aber es machte uns beiden nichts, denn die Entstehung war auch f\u00fcr mich sehr interessant. An dieser Stelle ein dickes Danke an <a href=\"http:\/\/www.webprojaggt.de\">WEBPROJAGGT<\/a>, zu dieser Zeit hatte ich meine A7s noch nicht und konnte mit der SONY FS 700 ein paar sehr geile Slow-Motion Szenen aufnehmen.[\/vc_column_text][\/vc_column][vc_column width=&#8220;1\/4&#8243;][vc_single_image image=&#8220;4654&#8243; style=&#8220;vc_box_border&#8220; onclick=&#8220;link_image&#8220;][\/vc_column][vc_column width=&#8220;1\/4&#8243;][vc_column_text]<strong>M\u00e4rz 2015<\/strong><\/p>\n<p>Weihnachten, Silvester und der Jahresanfang waren bereits vorbei und das Jahr 2015 schon im vollen Gange. Anfang M\u00e4rz war ich das n\u00e4chste Mal mit vor Ort und es war wieder einiges passiert an der guten Maschine. Auch an einigen Sonntagen danach war ich mit vor Ort, um die Fortschritte festzuhalten und flei\u00dfig Footage f\u00fcr das Video zu sammeln. Der Rahmen wurde lackiert, die ersten Motor-Testphasen begannen und der Tank war kurz vor der Fertigstellung.[\/vc_column_text][\/vc_column][\/vc_row][vc_row][vc_column][vc_single_image image=&#8220;4811&#8243; img_size=&#8220;full&#8220; style=&#8220;vc_box_border&#8220;][\/vc_column][\/vc_row][vc_row][vc_column width=&#8220;1\/4&#8243;][vc_single_image image=&#8220;4653&#8243; style=&#8220;vc_box_border&#8220; onclick=&#8220;link_image&#8220;][\/vc_column][vc_column width=&#8220;1\/4&#8243;][vc_column_text]<strong>Mai 2015<\/strong><\/p>\n<p>Im Mai 2015\u00a0ging es dann ans Lackieren\u00a0von\u00a0den Anbauteilen. Anschlie\u00dfend folgte die Verkabelung und das finale Zusammenbauen der lackierten Teile. Danach sollte das Gl\u00fcck nicht ganz auf unserer Seite sein. Eigentlich wollten wir die Fahrszenen bereits 2015 noch machen, aber dann war noch etwas am Motor defekt bzw musste repariert werden. Dann hatte ich keine Zeit wegen den Sommerfestivals und wenn doch mal jeder Zeit hatte, machte uns das Wetter einen Strich durch die Rechnung.[\/vc_column_text][\/vc_column][vc_column width=&#8220;1\/4&#8243;][vc_single_image image=&#8220;4674&#8243; style=&#8220;vc_box_border&#8220; onclick=&#8220;link_image&#8220;][\/vc_column][vc_column width=&#8220;1\/4&#8243;][vc_column_text]<strong>Juli 2016<\/strong><\/p>\n<p>Ein weiterer Winter zog ins Land und in der Oberpfalz war auch in\u00a0der ersten H\u00e4lfte des neues Jahres relativ wenig\u00a0berichtbares passiert. Doch dann kam der Sommer 2016. Das Bike lief und schnurrte und war mehr als bereit endlich die letzten Szenen auf Bytes zu bannen. Als erstes probierten wir einige Audiotests, denn wir wollten nat\u00fcrlich auch das man den brachialen Sound der Maschine f\u00fchlen und h\u00f6ren kann.[\/vc_column_text][\/vc_column][\/vc_row][vc_row][vc_column][vc_single_image image=&#8220;4810&#8243; img_size=&#8220;full&#8220; style=&#8220;vc_box_border&#8220;][\/vc_column][\/vc_row][vc_row][vc_column width=&#8220;1\/4&#8243;][vc_single_image image=&#8220;4651&#8243; style=&#8220;vc_box_border&#8220; onclick=&#8220;link_image&#8220;][\/vc_column][vc_column width=&#8220;1\/4&#8243;][vc_column_text]<strong>September 2016<\/strong><\/p>\n<p>Anfang September erz\u00e4hlte uns der Wetterdienst das es eine Woche sch\u00f6n bleiben soll und wir nutzen diese lang ersehnte Gelegenheit und haben an 3 aufeinander folgenden Tagen alles gefilmt was wir uns dachten. An dieser Stelle ein \u2665-liches MERCI an <a href=\"http:\/\/www.bewegterblick.de\">BEWEGTER BLICK<\/a>\u00a0die den Dreh mit einem DJI Ronin unterst\u00fctzen und uns butterweiche aufnahmen w\u00e4hrend des fahrens erlaubten. Ebenso gillt Flo, meinem Fahrer am besagten Tag, ein ordentliches Vergelt&#8217;s Gott![\/vc_column_text][\/vc_column][vc_column width=&#8220;1\/4&#8243;][vc_single_image image=&#8220;4652&#8243; style=&#8220;vc_box_border&#8220; onclick=&#8220;link_image&#8220;][\/vc_column][vc_column width=&#8220;1\/4&#8243;][vc_column_text]Zus\u00e4tzlich bauten wir einige wilde Halterungen f\u00fcr diverse GoPros. Ich hatte noch eine Klammer dabei die auch f\u00fcr die ein oder andere Close Up Szene ihren Kauf\u00a0mehr als deutlich rechtfertigte. Ebenso gillt mein dank an Sib, der mir die Drohnen Aufnahmen machte. Nach 2 Filmtagen und einem Audio-Recording Tag war alles im Kasten was die Fahrszenen anging und es war ein sehr starkes Gef\u00fchl zu Wissen, dass wir uns dem Ziel des fertigen Videos mit gro\u00dfen Schritten n\u00e4herten.[\/vc_column_text][\/vc_column][\/vc_row][vc_row][vc_column][vc_column_text]Mitte September namen wir uns noch einmal einen Vormittag die Zeit um die fertige Maschine ins richtige Licht zu r\u00fccken. Es entstanden einige sehr starke Aufnahmen, die wir euch nat\u00fcrlich nicht vorenthalten wollen.[\/vc_column_text][vc_single_image image=&#8220;4776&#8243; img_size=&#8220;full&#8220; style=&#8220;vc_box_border&#8220; onclick=&#8220;link_image&#8220;][vc_single_image image=&#8220;4778&#8243; img_size=&#8220;full&#8220; style=&#8220;vc_box_border&#8220; onclick=&#8220;link_image&#8220;][vc_single_image image=&#8220;4780&#8243; img_size=&#8220;full&#8220; style=&#8220;vc_box_border&#8220; onclick=&#8220;link_image&#8220;][\/vc_column][\/vc_row][vc_row][vc_column width=&#8220;1\/3&#8243;][vc_single_image image=&#8220;4791&#8243; img_size=&#8220;full&#8220; style=&#8220;vc_box_border&#8220; onclick=&#8220;link_image&#8220;][\/vc_column][vc_column width=&#8220;1\/3&#8243;][vc_single_image image=&#8220;4792&#8243; img_size=&#8220;full&#8220; style=&#8220;vc_box_border&#8220; onclick=&#8220;link_image&#8220;][\/vc_column][vc_column width=&#8220;1\/3&#8243;][vc_single_image image=&#8220;4793&#8243; img_size=&#8220;full&#8220; style=&#8220;vc_box_border&#8220; onclick=&#8220;link_image&#8220;][\/vc_column][\/vc_row][vc_row][vc_column width=&#8220;1\/4&#8243;][vc_single_image image=&#8220;4795&#8243; img_size=&#8220;full&#8220; style=&#8220;vc_box_border&#8220; onclick=&#8220;link_image&#8220;][\/vc_column][vc_column width=&#8220;1\/4&#8243;][vc_single_image image=&#8220;4796&#8243; img_size=&#8220;full&#8220; style=&#8220;vc_box_border&#8220; onclick=&#8220;link_image&#8220;][\/vc_column][vc_column width=&#8220;1\/4&#8243;][vc_single_image image=&#8220;4797&#8243; img_size=&#8220;full&#8220; style=&#8220;vc_box_border&#8220; onclick=&#8220;link_image&#8220;][\/vc_column][vc_column width=&#8220;1\/4&#8243;][vc_single_image image=&#8220;4798&#8243; img_size=&#8220;full&#8220; style=&#8220;vc_box_border&#8220; onclick=&#8220;link_image&#8220;][\/vc_column][\/vc_row][vc_row][vc_column][vc_single_image image=&#8220;4794&#8243; img_size=&#8220;full&#8220; alignment=&#8220;center&#8220; style=&#8220;vc_box_border&#8220; onclick=&#8220;link_image&#8220;][\/vc_column][\/vc_row][vc_row][vc_column][vc_column_text]<\/p>\n<h4>Postproduktion<\/h4>\n<p>[\/vc_column_text][vc_single_image image=&#8220;4853&#8243; img_size=&#8220;full&#8220; style=&#8220;vc_box_border&#8220; onclick=&#8220;link_image&#8220;][vc_column_text]<\/p>\n<h4>Oktober 2016<\/h4>\n<p>Der Schnitt und das Sounddesign entstand unter meiner Feder und ich bin mehr als gl\u00fccklich mit dem Ergebnis des Ganzen. Hier oberhalb habe ich euch mal meine Timeline eingebunden, damit man eine grobe Vorstellung bekommt wie komplex so ein Video doch werden kann. Im oberen Bereich sieht man den Videoschnitt und im unteren Bereich das Sounddesign des Videos. Viele Sounds wurde extra mit sehr guten Sennheiser Mikrofonen (an dieser Stelle ein dickes MERCI an Lina) aufgenommen und nachvertont bzw extra f\u00fcr das Video angefertigt. Das ganze hebt das Video noch einmal ein Level nach oben was die Intensit\u00e4t angeht. Darum rate ich auch jedem, dass Video mit Kopfh\u00f6rern anzusehen![\/vc_column_text][vc_column_text]<\/p>\n<h4>November 2016<\/h4>\n<p>Mittlerweile steht der Finale Schnitt, die letzten Feinheiten wurden ausgebessert und der Ton wurde gemixt. Ich wollte die Qualit\u00e4t des ganzen Projekts nat\u00fcrlich auch stilistisch oben halten, darum bat ich meinen guten Freund Sebi von Bart&amp;Art mir ein Logo f\u00fcr das Video zu entwerfen. Hier seht ihr einen Screenshot aus dem Entstehungsprozess.[\/vc_column_text][vc_single_image image=&#8220;4816&#8243; img_size=&#8220;full&#8220; style=&#8220;vc_box_border&#8220;][\/vc_column][\/vc_row][vc_row][vc_column][vc_column_text]<\/p>\n<h4>Musik<\/h4>\n<p>[\/vc_column_text][\/vc_column][\/vc_row][vc_row][vc_column width=&#8220;1\/2&#8243;][vc_column_text]Die Musik stammt diesmal von <a href=\"https:\/\/www.facebook.com\/TheShears\/\">The Shears.<\/a> &#8222;Heartbreak Highways&#8220; wurde \u00fcber Musicbed.com lizensiert und wegen des treibenden und kr\u00e4ftigen Sounds gew\u00e4hlt. Ebenfalls transportiert der Song sehr gut das Gef\u00fchl des ganzen Chopper Lifestyles und des ganzen Prozedere um den Eigenbau.[\/vc_column_text][\/vc_column][vc_column width=&#8220;1\/2&#8243;][vc_column_text]Die Outro Musik stammt von Jimmysquare und hei\u00dft &#8222;Like Apollo&#8220;. Die Schlussszene war tats\u00e4chlich nicht so geplant. Anfangs standen andere Ideen auf unseren Zettel, aber beim Drehtag selbst kam uns dann die Idee das Video mit etwas &#8222;neuem&#8220; zu Beenden. Darum brauchten wir noch einmal einen Titel der das Gef\u00fchl, dass wir vermitteln wollten, transportiert.[\/vc_column_text][\/vc_column][\/vc_row][vc_row][vc_column][vc_column_text]<\/p>\n<h4>Danke<\/h4>\n<p>[\/vc_column_text][vc_single_image image=&#8220;4781&#8243; img_size=&#8220;full&#8220; style=&#8220;vc_box_border&#8220; onclick=&#8220;link_image&#8220;][vc_column_text]Michl bedankt sich bei Thomas, Christine, Robert, Stef, Helmut, Ralf, Basti, Martin, Hebl, Sib und Flo f\u00fcr die Unterst\u00fctzung und die Umsetzung dieses ganzen Projekts!<\/p>\n<p>Ich bedanke mich bei Michl f\u00fcr das Vertrauen bzw die Umsetzung dieses Projekts, nochmals bei Webprojaggt und Bewegter Blick f\u00fcr die Unterst\u00fctzung mit Equipment. Sebi f\u00fcr das geniale Logo und Lina f\u00fcr&#8217;s Vertrauen mit ihrem Audioequipment. Wir sind mehr als stolz es jetzt endlich pr\u00e4sentieren zu k\u00f6nnen und hoffen ihr k\u00f6nnt grob erahnen, wie viel Spa\u00df das Ganze machte.<\/p>\n<p>Hier zum Abschluss, da ich nicht die ganze Zeit dabei sein konnte, noch einige Bilder aus den letzten Jahren von Michl:[\/vc_column_text][\/vc_column][\/vc_row][vc_row][vc_column][vc_masonry_media_grid element_width=&#8220;2&#8243; grid_id=&#8220;vc_gid:1480432470105-612e7e10-1cec-4&#8243; include=&#8220;4832,4830,4826,4825,4822,4821,4820,4819,4818,4843,4842,4841,4840,4839,4838,4837,4836,4835,4834,4844&#8243;][\/vc_column][\/vc_row]<\/p>\n<\/section>","protected":false},"excerpt":{"rendered":"[arve url=\"https:\/\/youtu.be\/nNDBfTn6HLo\" \/] Finally! Nach fast 2 Jahren in der Mache, kann bzw darf ich euch heute mein j\u00fcngstes Werk OIL&amp;PASSION vorstellen. Hier im Blog gibt es noch ein paar Hintergrundinfos zum ganzen Projekt an sich und ein paar Bilder [...]","protected":false},"author":1,"featured_media":4865,"comment_status":"closed","ping_status":"closed","sticky":false,"template":"","format":"standard","meta":[],"categories":[25],"tags":[186,274,276,280,279,281,277,278,185,243],"yoast_head":"<!-- This site is optimized with the Yoast SEO plugin v19.10 - https:\/\/yoast.com\/wordpress\/plugins\/seo\/ -->\n<title>OIL&amp;PASSION - Christian Simmerl<\/title>\n<meta name=\"description\" content=\"Ein Video \u00fcber die Entstehung eines ganz besonderen Chopper Eigenbaus.\" \/>\n<meta name=\"robots\" content=\"index, follow, max-snippet:-1, max-image-preview:large, max-video-preview:-1\" \/>\n<link rel=\"canonical\" href=\"http:\/\/christiansimmerl.de\/hp\/oilpassion\/\" \/>\n<meta property=\"og:locale\" content=\"de_DE\" \/>\n<meta property=\"og:type\" content=\"article\" \/>\n<meta property=\"og:title\" content=\"OIL&amp;PASSION - Christian Simmerl\" \/>\n<meta property=\"og:description\" content=\"Ein Video \u00fcber die Entstehung eines ganz besonderen Chopper Eigenbaus.\" \/>\n<meta property=\"og:url\" content=\"http:\/\/christiansimmerl.de\/hp\/oilpassion\/\" \/>\n<meta property=\"og:site_name\" content=\"Christian Simmerl\" \/>\n<meta property=\"article:published_time\" content=\"2016-11-18T09:30:39+00:00\" \/>\n<meta property=\"article:modified_time\" content=\"2018-10-17T09:13:56+00:00\" \/>\n<meta property=\"og:image\" content=\"http:\/\/christiansimmerl.de\/hp\/wp-content\/uploads\/2016\/11\/15078592_1149915808433689_3317642913666883090_n.png\" \/>\n\t<meta property=\"og:image:width\" content=\"960\" \/>\n\t<meta property=\"og:image:height\" content=\"540\" \/>\n\t<meta property=\"og:image:type\" content=\"image\/png\" \/>\n<meta name=\"author\" content=\"chris\" \/>\n<meta name=\"twitter:card\" content=\"summary_large_image\" \/>\n<meta name=\"twitter:label1\" content=\"Verfasst von\" \/>\n\t<meta name=\"twitter:data1\" content=\"chris\" \/>\n\t<meta name=\"twitter:label2\" content=\"Gesch\u00e4tzte Lesezeit\" \/>\n\t<meta name=\"twitter:data2\" content=\"8\u00a0Minuten\" \/>\n<script type=\"application\/ld+json\" class=\"yoast-schema-graph\">{\"@context\":\"https:\/\/schema.org\",\"@graph\":[{\"@type\":\"WebPage\",\"@id\":\"http:\/\/christiansimmerl.de\/hp\/oilpassion\/\",\"url\":\"http:\/\/christiansimmerl.de\/hp\/oilpassion\/\",\"name\":\"OIL&PASSION - Christian Simmerl\",\"isPartOf\":{\"@id\":\"https:\/\/christiansimmerl.de\/hp\/#website\"},\"datePublished\":\"2016-11-18T09:30:39+00:00\",\"dateModified\":\"2018-10-17T09:13:56+00:00\",\"author\":{\"@id\":\"https:\/\/christiansimmerl.de\/hp\/#\/schema\/person\/47d4052c4c807bbea46d7ba1a363a206\"},\"description\":\"Ein Video \u00fcber die Entstehung eines ganz besonderen Chopper Eigenbaus.\",\"breadcrumb\":{\"@id\":\"http:\/\/christiansimmerl.de\/hp\/oilpassion\/#breadcrumb\"},\"inLanguage\":\"de\",\"potentialAction\":[{\"@type\":\"ReadAction\",\"target\":[\"http:\/\/christiansimmerl.de\/hp\/oilpassion\/\"]}]},{\"@type\":\"BreadcrumbList\",\"@id\":\"http:\/\/christiansimmerl.de\/hp\/oilpassion\/#breadcrumb\",\"itemListElement\":[{\"@type\":\"ListItem\",\"position\":1,\"name\":\"Startseite\",\"item\":\"https:\/\/christiansimmerl.de\/hp\/\"},{\"@type\":\"ListItem\",\"position\":2,\"name\":\"OIL&#038;PASSION\"}]},{\"@type\":\"WebSite\",\"@id\":\"https:\/\/christiansimmerl.de\/hp\/#website\",\"url\":\"https:\/\/christiansimmerl.de\/hp\/\",\"name\":\"Christian Simmerl\",\"description\":\"\",\"potentialAction\":[{\"@type\":\"SearchAction\",\"target\":{\"@type\":\"EntryPoint\",\"urlTemplate\":\"https:\/\/christiansimmerl.de\/hp\/?s={search_term_string}\"},\"query-input\":\"required name=search_term_string\"}],\"inLanguage\":\"de\"},{\"@type\":\"Person\",\"@id\":\"https:\/\/christiansimmerl.de\/hp\/#\/schema\/person\/47d4052c4c807bbea46d7ba1a363a206\",\"name\":\"chris\",\"image\":{\"@type\":\"ImageObject\",\"inLanguage\":\"de\",\"@id\":\"https:\/\/christiansimmerl.de\/hp\/#\/schema\/person\/image\/\",\"url\":\"https:\/\/secure.gravatar.com\/avatar\/0210bb80d3a27983b7a6a6014b477008?s=96&d=mm&r=g\",\"contentUrl\":\"https:\/\/secure.gravatar.com\/avatar\/0210bb80d3a27983b7a6a6014b477008?s=96&d=mm&r=g\",\"caption\":\"chris\"},\"sameAs\":[\"http:\/\/www.christiansimmerl.de\"],\"url\":\"https:\/\/christiansimmerl.de\/hp\/author\/christiansimmerl\/\"}]}<\/script>\n<!-- \/ Yoast SEO plugin. -->","yoast_head_json":{"title":"OIL&PASSION - Christian Simmerl","description":"Ein Video \u00fcber die Entstehung eines ganz besonderen Chopper Eigenbaus.","robots":{"index":"index","follow":"follow","max-snippet":"max-snippet:-1","max-image-preview":"max-image-preview:large","max-video-preview":"max-video-preview:-1"},"canonical":"http:\/\/christiansimmerl.de\/hp\/oilpassion\/","og_locale":"de_DE","og_type":"article","og_title":"OIL&PASSION - Christian Simmerl","og_description":"Ein Video \u00fcber die Entstehung eines ganz besonderen Chopper Eigenbaus.","og_url":"http:\/\/christiansimmerl.de\/hp\/oilpassion\/","og_site_name":"Christian Simmerl","article_published_time":"2016-11-18T09:30:39+00:00","article_modified_time":"2018-10-17T09:13:56+00:00","og_image":[{"width":960,"height":540,"url":"http:\/\/christiansimmerl.de\/hp\/wp-content\/uploads\/2016\/11\/15078592_1149915808433689_3317642913666883090_n.png","type":"image\/png"}],"author":"chris","twitter_card":"summary_large_image","twitter_misc":{"Verfasst von":"chris","Gesch\u00e4tzte Lesezeit":"8\u00a0Minuten"},"schema":{"@context":"https:\/\/schema.org","@graph":[{"@type":"WebPage","@id":"http:\/\/christiansimmerl.de\/hp\/oilpassion\/","url":"http:\/\/christiansimmerl.de\/hp\/oilpassion\/","name":"OIL&PASSION - Christian Simmerl","isPartOf":{"@id":"https:\/\/christiansimmerl.de\/hp\/#website"},"datePublished":"2016-11-18T09:30:39+00:00","dateModified":"2018-10-17T09:13:56+00:00","author":{"@id":"https:\/\/christiansimmerl.de\/hp\/#\/schema\/person\/47d4052c4c807bbea46d7ba1a363a206"},"description":"Ein Video \u00fcber die Entstehung eines ganz besonderen Chopper Eigenbaus.","breadcrumb":{"@id":"http:\/\/christiansimmerl.de\/hp\/oilpassion\/#breadcrumb"},"inLanguage":"de","potentialAction":[{"@type":"ReadAction","target":["http:\/\/christiansimmerl.de\/hp\/oilpassion\/"]}]},{"@type":"BreadcrumbList","@id":"http:\/\/christiansimmerl.de\/hp\/oilpassion\/#breadcrumb","itemListElement":[{"@type":"ListItem","position":1,"name":"Startseite","item":"https:\/\/christiansimmerl.de\/hp\/"},{"@type":"ListItem","position":2,"name":"OIL&#038;PASSION"}]},{"@type":"WebSite","@id":"https:\/\/christiansimmerl.de\/hp\/#website","url":"https:\/\/christiansimmerl.de\/hp\/","name":"Christian Simmerl","description":"","potentialAction":[{"@type":"SearchAction","target":{"@type":"EntryPoint","urlTemplate":"https:\/\/christiansimmerl.de\/hp\/?s={search_term_string}"},"query-input":"required name=search_term_string"}],"inLanguage":"de"},{"@type":"Person","@id":"https:\/\/christiansimmerl.de\/hp\/#\/schema\/person\/47d4052c4c807bbea46d7ba1a363a206","name":"chris","image":{"@type":"ImageObject","inLanguage":"de","@id":"https:\/\/christiansimmerl.de\/hp\/#\/schema\/person\/image\/","url":"https:\/\/secure.gravatar.com\/avatar\/0210bb80d3a27983b7a6a6014b477008?s=96&d=mm&r=g","contentUrl":"https:\/\/secure.gravatar.com\/avatar\/0210bb80d3a27983b7a6a6014b477008?s=96&d=mm&r=g","caption":"chris"},"sameAs":["http:\/\/www.christiansimmerl.de"],"url":"https:\/\/christiansimmerl.de\/hp\/author\/christiansimmerl\/"}]}},"_links":{"self":[{"href":"https:\/\/christiansimmerl.de\/hp\/wp-json\/wp\/v2\/posts\/4866"}],"collection":[{"href":"https:\/\/christiansimmerl.de\/hp\/wp-json\/wp\/v2\/posts"}],"about":[{"href":"https:\/\/christiansimmerl.de\/hp\/wp-json\/wp\/v2\/types\/post"}],"author":[{"embeddable":true,"href":"https:\/\/christiansimmerl.de\/hp\/wp-json\/wp\/v2\/users\/1"}],"replies":[{"embeddable":true,"href":"https:\/\/christiansimmerl.de\/hp\/wp-json\/wp\/v2\/comments?post=4866"}],"version-history":[{"count":8,"href":"https:\/\/christiansimmerl.de\/hp\/wp-json\/wp\/v2\/posts\/4866\/revisions"}],"predecessor-version":[{"id":5553,"href":"https:\/\/christiansimmerl.de\/hp\/wp-json\/wp\/v2\/posts\/4866\/revisions\/5553"}],"wp:featuredmedia":[{"embeddable":true,"href":"https:\/\/christiansimmerl.de\/hp\/wp-json\/wp\/v2\/media\/4865"}],"wp:attachment":[{"href":"https:\/\/christiansimmerl.de\/hp\/wp-json\/wp\/v2\/media?parent=4866"}],"wp:term":[{"taxonomy":"category","embeddable":true,"href":"https:\/\/christiansimmerl.de\/hp\/wp-json\/wp\/v2\/categories?post=4866"},{"taxonomy":"post_tag","embeddable":true,"href":"https:\/\/christiansimmerl.de\/hp\/wp-json\/wp\/v2\/tags?post=4866"}],"curies":[{"name":"wp","href":"https:\/\/api.w.org\/{rel}","templated":true}]}}