{"id":6160,"date":"2020-06-08T10:30:26","date_gmt":"2020-06-08T08:30:26","guid":{"rendered":"http:\/\/christiansimmerl.de\/hp\/?p=6160"},"modified":"2020-06-08T11:16:21","modified_gmt":"2020-06-08T09:16:21","slug":"fujifilm-xt3","status":"publish","type":"post","link":"http:\/\/christiansimmerl.de\/hp\/fujifilm-xt3\/","title":{"rendered":"Fujifilm XT3"},"content":{"rendered":"\n<h4>Systemwechsel?\u00a0<\/h4>\n<p>Nicht ganz, eher eine &#8222;Erweiterung&#8220;. Ich kann mich so schlecht von meinen &#8218;alten&#8216; Kameras trennen, deswegen steht in meinem Regal auch noch meine erste Canon 550D. Neben der 5D Mark II, sowie A7s MKI, hat es sich dann vor kurzem noch ein neueres Fabrikat gem\u00fctlich gemacht. Die <strong>Fujifilm XT3<\/strong>.<\/p>\n<h4>Y NO VF?<\/h4>\n<p>Kein Vollformat mehr an der Fujifilm zu haben, schr\u00e4nkt mich nur bedingt ein. Die Bildqualit\u00e4t und den Charme die diese Kamera mit sich bringt sind fast unschlagbar. Der Technische Sprung ist ebenfalls immens. 4K mit 50 Bildern ist definitiv eine Ansage. Durch mein Nachtsichtger\u00e4t Sony A7s bin ich allerdings sehr verw\u00f6hnt, was die ISO angeht. Da muss ich mich definitiv erstmal wieder umgew\u00f6hnen.<\/p>\n<h4><strong>Warum Fujifilm?<\/strong><\/h4>\n<p>Gesehen und verliebt trifft es wohl am besten. Die Handhabung und der &#8222;Analoge&#8220; Look der Kamera haben es mir angetan. Au\u00dferdem muss ich ehrlich sagen war es Preis\/Leistungsm\u00e4\u00dfig definitiv eine Ansage an Sony. Ich liebe meine A7s MK1 aber meine Priorit\u00e4ten haben sich auch einfach ein bisschen verschoben. Mit der Sony hab ich alles manuell Fokusiert und kam damit immer sehr gut zurecht und habe obendrauf viel gelernt. Der AF der Fujifilm schie\u00dft aber den Vogel ab. Die Gesichtserkennung funktioniert nahezu perfekt und ich m\u00f6chte es nicht mehr missen. Tats\u00e4chlich frage ich mich auch, wie ich das solange ohne AF ausgehalten habe.\u00a0<\/p>\n<p>Demn\u00e4chst werde ich auch noch einen Post mit ein paar Bildern hochladen, f\u00fcr heute als kleines Update gibt es ein paar Videos, die mit der Kamera entstanden sind.\u00a0<\/p>\n\n\n\n<div style=\"height:100px\" aria-hidden=\"true\" class=\"wp-block-spacer\"><\/div>\n\n\n\n<hr class=\"wp-block-separator\"\/>\n\n\n\n<div style=\"height:100px\" aria-hidden=\"true\" class=\"wp-block-spacer\"><\/div>\n\n\n\n<figure class=\"wp-block-embed-youtube aligncenter wp-block-embed is-type-video is-provider-youtube wp-embed-aspect-16-9 wp-has-aspect-ratio\"><div class=\"wp-block-embed__wrapper\">\n<iframe loading=\"lazy\" title=\"ANALOG | Fujifilm XT3 - 4k\" width=\"500\" height=\"281\" src=\"https:\/\/www.youtube.com\/embed\/zQU9IjQL0Rg?feature=oembed\" frameborder=\"0\" allow=\"accelerometer; autoplay; clipboard-write; encrypted-media; gyroscope; picture-in-picture\" allowfullscreen><\/iframe>\n<\/div><\/figure>\n\n\n\n<figure class=\"wp-block-embed-youtube aligncenter wp-block-embed is-type-video is-provider-youtube wp-embed-aspect-16-9 wp-has-aspect-ratio\"><div class=\"wp-block-embed__wrapper\">\n<iframe loading=\"lazy\" title=\"AM ABEND | Fujifilm XT3 - 4K\" width=\"500\" height=\"281\" src=\"https:\/\/www.youtube.com\/embed\/4DhQJmnOaoc?feature=oembed\" frameborder=\"0\" allow=\"accelerometer; autoplay; clipboard-write; encrypted-media; gyroscope; picture-in-picture\" allowfullscreen><\/iframe>\n<\/div><\/figure>\n\n\n\n<figure class=\"wp-block-embed-youtube aligncenter wp-block-embed is-type-video is-provider-youtube wp-embed-aspect-16-9 wp-has-aspect-ratio\"><div class=\"wp-block-embed__wrapper\">\n<iframe loading=\"lazy\" title=\"SCHWARZES GOLD | Fujifilm XT 3 + Viltrox EF Adapter 4K\" width=\"500\" height=\"281\" src=\"https:\/\/www.youtube.com\/embed\/lLo54S6Vyu8?feature=oembed\" frameborder=\"0\" allow=\"accelerometer; autoplay; clipboard-write; encrypted-media; gyroscope; picture-in-picture\" allowfullscreen><\/iframe>\n<\/div><\/figure>\n","protected":false},"excerpt":{"rendered":"Systemwechsel?\u00a0 Nicht ganz, eher eine \"Erweiterung\". Ich kann mich so schlecht von meinen 'alten' Kameras trennen, deswegen steht in meinem Regal auch noch meine erste Canon 550D. Neben der 5D Mark II, sowie A7s MKI, hat es sich dann vor [...]","protected":false},"author":1,"featured_media":6165,"comment_status":"closed","ping_status":"closed","sticky":false,"template":"","format":"standard","meta":[],"categories":[66,24,292,1,241,25],"tags":[189,450,185,243],"yoast_head":"<!-- This site is optimized with the Yoast SEO plugin v19.10 - https:\/\/yoast.com\/wordpress\/plugins\/seo\/ -->\n<title>Fujifilm XT3 - Christian Simmerl<\/title>\n<meta name=\"robots\" content=\"index, follow, max-snippet:-1, max-image-preview:large, max-video-preview:-1\" \/>\n<link rel=\"canonical\" href=\"https:\/\/christiansimmerl.de\/hp\/fujifilm-xt3\/\" \/>\n<meta property=\"og:locale\" content=\"de_DE\" \/>\n<meta property=\"og:type\" content=\"article\" \/>\n<meta property=\"og:title\" content=\"Fujifilm XT3 - Christian Simmerl\" \/>\n<meta property=\"og:url\" content=\"https:\/\/christiansimmerl.de\/hp\/fujifilm-xt3\/\" \/>\n<meta property=\"og:site_name\" content=\"Christian Simmerl\" \/>\n<meta property=\"article:published_time\" content=\"2020-06-08T08:30:26+00:00\" \/>\n<meta property=\"article:modified_time\" content=\"2020-06-08T09:16:21+00:00\" \/>\n<meta property=\"og:image\" content=\"https:\/\/christiansimmerl.de\/hp\/wp-content\/uploads\/2020\/06\/Fujiscreenanalog.jpg\" \/>\n\t<meta property=\"og:image:width\" content=\"1280\" \/>\n\t<meta property=\"og:image:height\" content=\"720\" \/>\n\t<meta property=\"og:image:type\" content=\"image\/jpeg\" \/>\n<meta name=\"author\" content=\"chris\" \/>\n<meta name=\"twitter:card\" content=\"summary_large_image\" \/>\n<meta name=\"twitter:label1\" content=\"Verfasst von\" \/>\n\t<meta name=\"twitter:data1\" content=\"chris\" \/>\n\t<meta name=\"twitter:label2\" content=\"Gesch\u00e4tzte Lesezeit\" \/>\n\t<meta name=\"twitter:data2\" content=\"1\u00a0Minute\" \/>\n<script type=\"application\/ld+json\" class=\"yoast-schema-graph\">{\"@context\":\"https:\/\/schema.org\",\"@graph\":[{\"@type\":\"WebPage\",\"@id\":\"https:\/\/christiansimmerl.de\/hp\/fujifilm-xt3\/\",\"url\":\"https:\/\/christiansimmerl.de\/hp\/fujifilm-xt3\/\",\"name\":\"Fujifilm XT3 - Christian Simmerl\",\"isPartOf\":{\"@id\":\"https:\/\/christiansimmerl.de\/hp\/#website\"},\"datePublished\":\"2020-06-08T08:30:26+00:00\",\"dateModified\":\"2020-06-08T09:16:21+00:00\",\"author\":{\"@id\":\"https:\/\/christiansimmerl.de\/hp\/#\/schema\/person\/47d4052c4c807bbea46d7ba1a363a206\"},\"breadcrumb\":{\"@id\":\"https:\/\/christiansimmerl.de\/hp\/fujifilm-xt3\/#breadcrumb\"},\"inLanguage\":\"de\",\"potentialAction\":[{\"@type\":\"ReadAction\",\"target\":[\"https:\/\/christiansimmerl.de\/hp\/fujifilm-xt3\/\"]}]},{\"@type\":\"BreadcrumbList\",\"@id\":\"https:\/\/christiansimmerl.de\/hp\/fujifilm-xt3\/#breadcrumb\",\"itemListElement\":[{\"@type\":\"ListItem\",\"position\":1,\"name\":\"Startseite\",\"item\":\"https:\/\/christiansimmerl.de\/hp\/\"},{\"@type\":\"ListItem\",\"position\":2,\"name\":\"Fujifilm XT3\"}]},{\"@type\":\"WebSite\",\"@id\":\"https:\/\/christiansimmerl.de\/hp\/#website\",\"url\":\"https:\/\/christiansimmerl.de\/hp\/\",\"name\":\"Christian Simmerl\",\"description\":\"\",\"potentialAction\":[{\"@type\":\"SearchAction\",\"target\":{\"@type\":\"EntryPoint\",\"urlTemplate\":\"https:\/\/christiansimmerl.de\/hp\/?s={search_term_string}\"},\"query-input\":\"required name=search_term_string\"}],\"inLanguage\":\"de\"},{\"@type\":\"Person\",\"@id\":\"https:\/\/christiansimmerl.de\/hp\/#\/schema\/person\/47d4052c4c807bbea46d7ba1a363a206\",\"name\":\"chris\",\"image\":{\"@type\":\"ImageObject\",\"inLanguage\":\"de\",\"@id\":\"https:\/\/christiansimmerl.de\/hp\/#\/schema\/person\/image\/\",\"url\":\"http:\/\/0.gravatar.com\/avatar\/0210bb80d3a27983b7a6a6014b477008?s=96&d=mm&r=g\",\"contentUrl\":\"http:\/\/0.gravatar.com\/avatar\/0210bb80d3a27983b7a6a6014b477008?s=96&d=mm&r=g\",\"caption\":\"chris\"},\"sameAs\":[\"http:\/\/www.christiansimmerl.de\"],\"url\":\"http:\/\/christiansimmerl.de\/hp\/author\/christiansimmerl\/\"}]}<\/script>\n<!-- \/ Yoast SEO plugin. -->","yoast_head_json":{"title":"Fujifilm XT3 - Christian Simmerl","robots":{"index":"index","follow":"follow","max-snippet":"max-snippet:-1","max-image-preview":"max-image-preview:large","max-video-preview":"max-video-preview:-1"},"canonical":"https:\/\/christiansimmerl.de\/hp\/fujifilm-xt3\/","og_locale":"de_DE","og_type":"article","og_title":"Fujifilm XT3 - Christian Simmerl","og_url":"https:\/\/christiansimmerl.de\/hp\/fujifilm-xt3\/","og_site_name":"Christian Simmerl","article_published_time":"2020-06-08T08:30:26+00:00","article_modified_time":"2020-06-08T09:16:21+00:00","og_image":[{"width":1280,"height":720,"url":"https:\/\/christiansimmerl.de\/hp\/wp-content\/uploads\/2020\/06\/Fujiscreenanalog.jpg","type":"image\/jpeg"}],"author":"chris","twitter_card":"summary_large_image","twitter_misc":{"Verfasst von":"chris","Gesch\u00e4tzte Lesezeit":"1\u00a0Minute"},"schema":{"@context":"https:\/\/schema.org","@graph":[{"@type":"WebPage","@id":"https:\/\/christiansimmerl.de\/hp\/fujifilm-xt3\/","url":"https:\/\/christiansimmerl.de\/hp\/fujifilm-xt3\/","name":"Fujifilm XT3 - Christian Simmerl","isPartOf":{"@id":"https:\/\/christiansimmerl.de\/hp\/#website"},"datePublished":"2020-06-08T08:30:26+00:00","dateModified":"2020-06-08T09:16:21+00:00","author":{"@id":"https:\/\/christiansimmerl.de\/hp\/#\/schema\/person\/47d4052c4c807bbea46d7ba1a363a206"},"breadcrumb":{"@id":"https:\/\/christiansimmerl.de\/hp\/fujifilm-xt3\/#breadcrumb"},"inLanguage":"de","potentialAction":[{"@type":"ReadAction","target":["https:\/\/christiansimmerl.de\/hp\/fujifilm-xt3\/"]}]},{"@type":"BreadcrumbList","@id":"https:\/\/christiansimmerl.de\/hp\/fujifilm-xt3\/#breadcrumb","itemListElement":[{"@type":"ListItem","position":1,"name":"Startseite","item":"https:\/\/christiansimmerl.de\/hp\/"},{"@type":"ListItem","position":2,"name":"Fujifilm XT3"}]},{"@type":"WebSite","@id":"https:\/\/christiansimmerl.de\/hp\/#website","url":"https:\/\/christiansimmerl.de\/hp\/","name":"Christian Simmerl","description":"","potentialAction":[{"@type":"SearchAction","target":{"@type":"EntryPoint","urlTemplate":"https:\/\/christiansimmerl.de\/hp\/?s={search_term_string}"},"query-input":"required name=search_term_string"}],"inLanguage":"de"},{"@type":"Person","@id":"https:\/\/christiansimmerl.de\/hp\/#\/schema\/person\/47d4052c4c807bbea46d7ba1a363a206","name":"chris","image":{"@type":"ImageObject","inLanguage":"de","@id":"https:\/\/christiansimmerl.de\/hp\/#\/schema\/person\/image\/","url":"http:\/\/0.gravatar.com\/avatar\/0210bb80d3a27983b7a6a6014b477008?s=96&d=mm&r=g","contentUrl":"http:\/\/0.gravatar.com\/avatar\/0210bb80d3a27983b7a6a6014b477008?s=96&d=mm&r=g","caption":"chris"},"sameAs":["http:\/\/www.christiansimmerl.de"],"url":"http:\/\/christiansimmerl.de\/hp\/author\/christiansimmerl\/"}]}},"_links":{"self":[{"href":"http:\/\/christiansimmerl.de\/hp\/wp-json\/wp\/v2\/posts\/6160"}],"collection":[{"href":"http:\/\/christiansimmerl.de\/hp\/wp-json\/wp\/v2\/posts"}],"about":[{"href":"http:\/\/christiansimmerl.de\/hp\/wp-json\/wp\/v2\/types\/post"}],"author":[{"embeddable":true,"href":"http:\/\/christiansimmerl.de\/hp\/wp-json\/wp\/v2\/users\/1"}],"replies":[{"embeddable":true,"href":"http:\/\/christiansimmerl.de\/hp\/wp-json\/wp\/v2\/comments?post=6160"}],"version-history":[{"count":7,"href":"http:\/\/christiansimmerl.de\/hp\/wp-json\/wp\/v2\/posts\/6160\/revisions"}],"predecessor-version":[{"id":6179,"href":"http:\/\/christiansimmerl.de\/hp\/wp-json\/wp\/v2\/posts\/6160\/revisions\/6179"}],"wp:featuredmedia":[{"embeddable":true,"href":"http:\/\/christiansimmerl.de\/hp\/wp-json\/wp\/v2\/media\/6165"}],"wp:attachment":[{"href":"http:\/\/christiansimmerl.de\/hp\/wp-json\/wp\/v2\/media?parent=6160"}],"wp:term":[{"taxonomy":"category","embeddable":true,"href":"http:\/\/christiansimmerl.de\/hp\/wp-json\/wp\/v2\/categories?post=6160"},{"taxonomy":"post_tag","embeddable":true,"href":"http:\/\/christiansimmerl.de\/hp\/wp-json\/wp\/v2\/tags?post=6160"}],"curies":[{"name":"wp","href":"https:\/\/api.w.org\/{rel}","templated":true}]}}