{"id":6117,"date":"2019-07-31T09:07:05","date_gmt":"2019-07-31T07:07:05","guid":{"rendered":"http:\/\/christiansimmerl.de\/hp\/?p=6117"},"modified":"2020-07-16T14:40:45","modified_gmt":"2020-07-16T12:40:45","slug":"musikprojekt-episode-5-6","status":"publish","type":"post","link":"http:\/\/christiansimmerl.de\/hp\/musikprojekt-episode-5-6\/","title":{"rendered":"Musikprojekt Episode 5 + 6"},"content":{"rendered":"\n<h4>Musikprojekt Episode 5<\/h4>\n<p>Zur\u00fccklehnen und zuh\u00f6ren. Wir haben einiges zu besprechen. Die letzten Baustellen, Vocal-\u00dcbungen und wann geht es ins Studio? Au\u00dferdem sprechen wir das erste mal mit unseren Produzenten Victor Bullok.<\/p>\n<p>&nbsp;<\/p>\n\n\n\n<iframe loading=\"lazy\" width=\"560\" height=\"315\" src=\"https:\/\/www.youtube-nocookie.com\/embed\/Aync7EeF2Is\" frameborder=\"0\" allow=\"accelerometer; autoplay; encrypted-media; gyroscope; picture-in-picture\" allowfullscreen><\/iframe>\n\n\n\n<h4>&nbsp;<\/h4>\n<h4>&nbsp;<\/h4>\n<h4>Musikprojekt Episode 6<\/h4>\n<p>Wie schreiben wir unsere Songs? Ein kurzer Einblick und Richtung Ende ein Ausblick auf das, was wir da in der Mache haben!<\/p>\n<p>&nbsp;<\/p>\n\n\n\n<iframe loading=\"lazy\" width=\"560\" height=\"315\" src=\"https:\/\/www.youtube-nocookie.com\/embed\/Rh1YFk8tz3g\" frameborder=\"0\" allow=\"accelerometer; autoplay; encrypted-media; gyroscope; picture-in-picture\" allowfullscreen><\/iframe>\n","protected":false},"excerpt":{"rendered":"Musikprojekt Episode 5 Zur\u00fccklehnen und zuh\u00f6ren. Wir haben einiges zu besprechen. Die letzten Baustellen, Vocal-\u00dcbungen und wann geht es ins Studio? Au\u00dferdem sprechen wir das erste mal mit unseren Produzenten Victor Bullok. &nbsp; &nbsp; &nbsp; Musikprojekt Episode 6 Wie schreiben [...]","protected":false},"author":1,"featured_media":6120,"comment_status":"closed","ping_status":"closed","sticky":false,"template":"","format":"standard","meta":[],"categories":[292,1,442,25],"tags":[446,447,228,438,448,341,439,231,202,243],"yoast_head":"<!-- This site is optimized with the Yoast SEO plugin v19.10 - https:\/\/yoast.com\/wordpress\/plugins\/seo\/ -->\n<title>Musikprojekt Episode 5 + 6 - Christian Simmerl<\/title>\n<meta name=\"robots\" content=\"index, follow, max-snippet:-1, max-image-preview:large, max-video-preview:-1\" \/>\n<link rel=\"canonical\" href=\"https:\/\/christiansimmerl.de\/hp\/musikprojekt-episode-5-6\/\" \/>\n<meta property=\"og:locale\" content=\"de_DE\" \/>\n<meta property=\"og:type\" content=\"article\" \/>\n<meta property=\"og:title\" content=\"Musikprojekt Episode 5 + 6 - Christian Simmerl\" \/>\n<meta property=\"og:url\" content=\"https:\/\/christiansimmerl.de\/hp\/musikprojekt-episode-5-6\/\" \/>\n<meta property=\"og:site_name\" content=\"Christian Simmerl\" \/>\n<meta property=\"article:published_time\" content=\"2019-07-31T07:07:05+00:00\" \/>\n<meta property=\"article:modified_time\" content=\"2020-07-16T12:40:45+00:00\" \/>\n<meta property=\"og:image\" content=\"https:\/\/christiansimmerl.de\/hp\/wp-content\/uploads\/2019\/07\/maxresdefault.jpg\" \/>\n\t<meta property=\"og:image:width\" content=\"1280\" \/>\n\t<meta property=\"og:image:height\" content=\"720\" \/>\n\t<meta property=\"og:image:type\" content=\"image\/jpeg\" \/>\n<meta name=\"author\" content=\"chris\" \/>\n<meta name=\"twitter:card\" content=\"summary_large_image\" \/>\n<meta name=\"twitter:label1\" content=\"Verfasst von\" \/>\n\t<meta name=\"twitter:data1\" content=\"chris\" \/>\n<script type=\"application\/ld+json\" class=\"yoast-schema-graph\">{\"@context\":\"https:\/\/schema.org\",\"@graph\":[{\"@type\":\"WebPage\",\"@id\":\"https:\/\/christiansimmerl.de\/hp\/musikprojekt-episode-5-6\/\",\"url\":\"https:\/\/christiansimmerl.de\/hp\/musikprojekt-episode-5-6\/\",\"name\":\"Musikprojekt Episode 5 + 6 - Christian Simmerl\",\"isPartOf\":{\"@id\":\"https:\/\/christiansimmerl.de\/hp\/#website\"},\"datePublished\":\"2019-07-31T07:07:05+00:00\",\"dateModified\":\"2020-07-16T12:40:45+00:00\",\"author\":{\"@id\":\"https:\/\/christiansimmerl.de\/hp\/#\/schema\/person\/47d4052c4c807bbea46d7ba1a363a206\"},\"breadcrumb\":{\"@id\":\"https:\/\/christiansimmerl.de\/hp\/musikprojekt-episode-5-6\/#breadcrumb\"},\"inLanguage\":\"de\",\"potentialAction\":[{\"@type\":\"ReadAction\",\"target\":[\"https:\/\/christiansimmerl.de\/hp\/musikprojekt-episode-5-6\/\"]}]},{\"@type\":\"BreadcrumbList\",\"@id\":\"https:\/\/christiansimmerl.de\/hp\/musikprojekt-episode-5-6\/#breadcrumb\",\"itemListElement\":[{\"@type\":\"ListItem\",\"position\":1,\"name\":\"Startseite\",\"item\":\"https:\/\/christiansimmerl.de\/hp\/\"},{\"@type\":\"ListItem\",\"position\":2,\"name\":\"Musikprojekt Episode 5 + 6\"}]},{\"@type\":\"WebSite\",\"@id\":\"https:\/\/christiansimmerl.de\/hp\/#website\",\"url\":\"https:\/\/christiansimmerl.de\/hp\/\",\"name\":\"Christian Simmerl\",\"description\":\"\",\"potentialAction\":[{\"@type\":\"SearchAction\",\"target\":{\"@type\":\"EntryPoint\",\"urlTemplate\":\"https:\/\/christiansimmerl.de\/hp\/?s={search_term_string}\"},\"query-input\":\"required name=search_term_string\"}],\"inLanguage\":\"de\"},{\"@type\":\"Person\",\"@id\":\"https:\/\/christiansimmerl.de\/hp\/#\/schema\/person\/47d4052c4c807bbea46d7ba1a363a206\",\"name\":\"chris\",\"image\":{\"@type\":\"ImageObject\",\"inLanguage\":\"de\",\"@id\":\"https:\/\/christiansimmerl.de\/hp\/#\/schema\/person\/image\/\",\"url\":\"http:\/\/0.gravatar.com\/avatar\/0210bb80d3a27983b7a6a6014b477008?s=96&d=mm&r=g\",\"contentUrl\":\"http:\/\/0.gravatar.com\/avatar\/0210bb80d3a27983b7a6a6014b477008?s=96&d=mm&r=g\",\"caption\":\"chris\"},\"sameAs\":[\"http:\/\/www.christiansimmerl.de\"],\"url\":\"http:\/\/christiansimmerl.de\/hp\/author\/christiansimmerl\/\"}]}<\/script>\n<!-- \/ Yoast SEO plugin. -->","yoast_head_json":{"title":"Musikprojekt Episode 5 + 6 - Christian Simmerl","robots":{"index":"index","follow":"follow","max-snippet":"max-snippet:-1","max-image-preview":"max-image-preview:large","max-video-preview":"max-video-preview:-1"},"canonical":"https:\/\/christiansimmerl.de\/hp\/musikprojekt-episode-5-6\/","og_locale":"de_DE","og_type":"article","og_title":"Musikprojekt Episode 5 + 6 - Christian Simmerl","og_url":"https:\/\/christiansimmerl.de\/hp\/musikprojekt-episode-5-6\/","og_site_name":"Christian Simmerl","article_published_time":"2019-07-31T07:07:05+00:00","article_modified_time":"2020-07-16T12:40:45+00:00","og_image":[{"width":1280,"height":720,"url":"https:\/\/christiansimmerl.de\/hp\/wp-content\/uploads\/2019\/07\/maxresdefault.jpg","type":"image\/jpeg"}],"author":"chris","twitter_card":"summary_large_image","twitter_misc":{"Verfasst von":"chris"},"schema":{"@context":"https:\/\/schema.org","@graph":[{"@type":"WebPage","@id":"https:\/\/christiansimmerl.de\/hp\/musikprojekt-episode-5-6\/","url":"https:\/\/christiansimmerl.de\/hp\/musikprojekt-episode-5-6\/","name":"Musikprojekt Episode 5 + 6 - Christian Simmerl","isPartOf":{"@id":"https:\/\/christiansimmerl.de\/hp\/#website"},"datePublished":"2019-07-31T07:07:05+00:00","dateModified":"2020-07-16T12:40:45+00:00","author":{"@id":"https:\/\/christiansimmerl.de\/hp\/#\/schema\/person\/47d4052c4c807bbea46d7ba1a363a206"},"breadcrumb":{"@id":"https:\/\/christiansimmerl.de\/hp\/musikprojekt-episode-5-6\/#breadcrumb"},"inLanguage":"de","potentialAction":[{"@type":"ReadAction","target":["https:\/\/christiansimmerl.de\/hp\/musikprojekt-episode-5-6\/"]}]},{"@type":"BreadcrumbList","@id":"https:\/\/christiansimmerl.de\/hp\/musikprojekt-episode-5-6\/#breadcrumb","itemListElement":[{"@type":"ListItem","position":1,"name":"Startseite","item":"https:\/\/christiansimmerl.de\/hp\/"},{"@type":"ListItem","position":2,"name":"Musikprojekt Episode 5 + 6"}]},{"@type":"WebSite","@id":"https:\/\/christiansimmerl.de\/hp\/#website","url":"https:\/\/christiansimmerl.de\/hp\/","name":"Christian Simmerl","description":"","potentialAction":[{"@type":"SearchAction","target":{"@type":"EntryPoint","urlTemplate":"https:\/\/christiansimmerl.de\/hp\/?s={search_term_string}"},"query-input":"required name=search_term_string"}],"inLanguage":"de"},{"@type":"Person","@id":"https:\/\/christiansimmerl.de\/hp\/#\/schema\/person\/47d4052c4c807bbea46d7ba1a363a206","name":"chris","image":{"@type":"ImageObject","inLanguage":"de","@id":"https:\/\/christiansimmerl.de\/hp\/#\/schema\/person\/image\/","url":"http:\/\/0.gravatar.com\/avatar\/0210bb80d3a27983b7a6a6014b477008?s=96&d=mm&r=g","contentUrl":"http:\/\/0.gravatar.com\/avatar\/0210bb80d3a27983b7a6a6014b477008?s=96&d=mm&r=g","caption":"chris"},"sameAs":["http:\/\/www.christiansimmerl.de"],"url":"http:\/\/christiansimmerl.de\/hp\/author\/christiansimmerl\/"}]}},"_links":{"self":[{"href":"http:\/\/christiansimmerl.de\/hp\/wp-json\/wp\/v2\/posts\/6117"}],"collection":[{"href":"http:\/\/christiansimmerl.de\/hp\/wp-json\/wp\/v2\/posts"}],"about":[{"href":"http:\/\/christiansimmerl.de\/hp\/wp-json\/wp\/v2\/types\/post"}],"author":[{"embeddable":true,"href":"http:\/\/christiansimmerl.de\/hp\/wp-json\/wp\/v2\/users\/1"}],"replies":[{"embeddable":true,"href":"http:\/\/christiansimmerl.de\/hp\/wp-json\/wp\/v2\/comments?post=6117"}],"version-history":[{"count":14,"href":"http:\/\/christiansimmerl.de\/hp\/wp-json\/wp\/v2\/posts\/6117\/revisions"}],"predecessor-version":[{"id":6182,"href":"http:\/\/christiansimmerl.de\/hp\/wp-json\/wp\/v2\/posts\/6117\/revisions\/6182"}],"wp:featuredmedia":[{"embeddable":true,"href":"http:\/\/christiansimmerl.de\/hp\/wp-json\/wp\/v2\/media\/6120"}],"wp:attachment":[{"href":"http:\/\/christiansimmerl.de\/hp\/wp-json\/wp\/v2\/media?parent=6117"}],"wp:term":[{"taxonomy":"category","embeddable":true,"href":"http:\/\/christiansimmerl.de\/hp\/wp-json\/wp\/v2\/categories?post=6117"},{"taxonomy":"post_tag","embeddable":true,"href":"http:\/\/christiansimmerl.de\/hp\/wp-json\/wp\/v2\/tags?post=6117"}],"curies":[{"name":"wp","href":"https:\/\/api.w.org\/{rel}","templated":true}]}}